{"id":3893,"date":"2024-01-23T10:23:30","date_gmt":"2024-01-23T15:23:30","guid":{"rendered":"https:\/\/www.cdsonter.com\/?p=3893"},"modified":"2024-01-23T10:23:32","modified_gmt":"2024-01-23T15:23:32","slug":"environmental-awareness-dates","status":"publish","type":"post","link":"https:\/\/www.cdsonter.com\/fr\/environmental-awareness-dates\/","title":{"rendered":"Journ\u00e9es de Sensibilisation \u00e0 L\u2019environnement\u00a0"},"content":{"rendered":"<p>Organisez vos \u00e9v\u00e9nements de mani\u00e8re \u00e0 concorder avec les journ\u00e9es de sensibilisation \u00e0 l'environnement, telles que :<\/p>\n\n\n\n<h5 class=\"wp-block-heading\">Une heure pour la plan\u00e8te \u2013 Mars<\/h5>\n\n\n\n<p class=\"translation-block\">L'\u00e9v\u00e9nement mondial Une <a href=\"https:\/\/www.earthhour.org\/\" target=\"_blank\" rel=\"noreferrer noopener\">heure pour la plan\u00e8te<\/a> du Fonds mondial pour la nature sensibilise \u00e0 propos des changements climatiques. Cet \u00e9v\u00e9nement annuel se tient le dernier samedi de mars, encourageant les entreprises \u00e0 \u00e9teindre les lumi\u00e8res non essentielles pendant une heure.<\/p>\n\n\n\n<h5 class=\"wp-block-heading\">Journ\u00e9e mondiale de l'eau \u2013 Mars<\/h5>\n\n\n\n<p class=\"translation-block\">La <a href=\"https:\/\/www.worldwaterday.org\/\" target=\"_blank\" rel=\"noreferrer noopener\">Journ\u00e9e mondiale de l'eau<\/a> est c\u00e9l\u00e9br\u00e9e chaque 22 mars avec un th\u00e8me de campagne annuel changeant chaque ann\u00e9e pour continuer \u00e0 sensibiliser et agir sur les divers enjeux de conservation de l'eau.<\/p>\n\n\n\n<h5 class=\"wp-block-heading\">Mois de la Terre \u2013 Avril<\/h5>\n\n\n\n<p class=\"translation-block\">Le <a href=\"https:\/\/earthday.ca\/\" target=\"_blank\" rel=\"noreferrer noopener\">Mois de la Terre<\/a> est c\u00e9l\u00e9br\u00e9 dans plus de 175 pays, est c\u00e9l\u00e9br\u00e9 dans plus de 175 pays, o\u00f9 les entreprises prennent le temps de r\u00e9fl\u00e9chir et de sensibiliser aux enjeux environnementaux.<\/p>\n\n\n\n<h5 class=\"wp-block-heading\">Journ\u00e9e internationale de la diversit\u00e9 biologique \u2013 Mai<\/h5>\n\n\n\n<p class=\"translation-block\">Le 22 mai est la <a href=\"https:\/\/www.cbd.int\/idb\" target=\"_blank\" rel=\"noreferrer noopener\">Journ\u00e9e internationale de la diversit\u00e9 biologique<\/a> pour accro\u00eetre la compr\u00e9hension et la sensibilisation aux enjeux de la biodiversit\u00e9. Pour appuyer les divers enjeux, un th\u00e8me diff\u00e9rent est mis en lumi\u00e8re chaque ann\u00e9e.<\/p>\n\n\n\n<h5 class=\"wp-block-heading\">Semaine canadienne de l'environnement \u2013 Juin<\/h5>\n\n\n\n<p class=\"translation-block\">La <a href=\"https:\/\/www.canada.ca\/en\/environment-climate-change\/services\/canadian-environment-week.html\" target=\"_blank\" rel=\"noreferrer noopener\">Semaine canadienne de l'environnement<\/a>, qui a lieu chaque ann\u00e9e lors de la premi\u00e8re semaine de juin pour co\u00efncider avec la Journ\u00e9e mondiale de l'environnement, encourage les Canadiens \u00e0 redoubler d'efforts pour prot\u00e9ger et pr\u00e9server l'environnement du Canada.<\/p>\n\n\n\n<h5 class=\"wp-block-heading\">Le D\u00e9fi Transport\u2013 Juin<\/h5>\n\n\n\n<p class=\"translation-block\"><a href=\"https:\/\/commuterchallenge.ca\/\" target=\"_blank\" rel=\"noreferrer noopener\">Le D\u00e9fi Transport est un \u00e9v\u00e9nement<\/a> pancanadien visant \u00e0 promouvoir le transport actif et durable. Il favorise une comp\u00e9tition amicale pour encourager les individus \u00e0 envisager des modes de d\u00e9placement plus sains et plus \u00e9cologiques.<\/p>\n\n\n\n<h5 class=\"wp-block-heading\">Journ\u00e9e de l'air pur \u2013 Juin<\/h5>\n\n\n\n<p class=\"translation-block\">La <a href=\"https:\/\/www.canada.ca\/en\/environment-climate-change\/campaigns\/canadian-environment-week\/clean-air-day.html\" target=\"_blank\" rel=\"noreferrer noopener\">Journ\u00e9e de l'air pur<\/a> est une c\u00e9l\u00e9bration annuelle visant \u00e0 accro\u00eetre la sensibilisation du public et \u00e0 encourager des actions concernant la qualit\u00e9 de l'air et les changements climatiques.<\/p>\n\n\n\n<h5 class=\"wp-block-heading\">Journ\u00e9e mondiale des oc\u00e9ans \u2013 Juin<\/h5>\n\n\n\n<p class=\"translation-block\">La <a href=\"https:\/\/worldoceansday.org\/\" target=\"_blank\" rel=\"noreferrer noopener\">Journ\u00e9e mondiale des oc\u00e9ans<\/a> est l'occasion de c\u00e9l\u00e9brer et de r\u00e9fl\u00e9chir \u00e0 la sant\u00e9 de nos oc\u00e9ans.<\/p>\n\n\n\n<h5 class=\"wp-block-heading\">Semaine nationale des for\u00eats \u2013 Septembre<\/h5>\n\n\n\n<p class=\"translation-block\">La <a href=\"https:\/\/www.cif-ifc.org\/national-forest-week\/\" target=\"_blank\" rel=\"noreferrer noopener\">Semaine nationale des for\u00eats<\/a> met en lumi\u00e8re le r\u00f4le important des for\u00eats dans notre vie quotidienne et est un moment pour c\u00e9l\u00e9brer la connexion des Canadiens avec nos for\u00eats.<\/p>\n\n\n\n<h5 class=\"wp-block-heading\">Mois de l'\u00e9conomie circulaire \u2013 Octobre<\/h5>\n\n\n\n<p class=\"translation-block\">Le <a href=\"https:\/\/circulareconomymonth.ca\/\" target=\"_blank\" rel=\"noreferrer noopener\">Mois de l'\u00e9conomie circulaire<\/a> est d\u00e9di\u00e9 \u00e0 \u00e9duquer et \u00e0 responsabiliser les Canadiens pour soutenir une \u00e9conomie qui prot\u00e8ge la plan\u00e8te et privil\u00e9gie les personnes.<\/p>","protected":false},"excerpt":{"rendered":"<p>Plan your events to coincide with celebrated environmental awareness dates, such as: Earth Hour &#8211; March The World Wildlife Fund\u2019s worldwide\u00a0Earth Hour\u00a0event raises awareness about climate change. It is an annual event held on the last Saturday of March, encouraging businesses to turn off non-essential lights for one hour.\u00a0 World Water Day &#8211; March World [&hellip;]<\/p>","protected":false},"author":1,"featured_media":0,"comment_status":"open","ping_status":"open","sticky":false,"template":"","format":"standard","meta":{"_et_pb_use_builder":"","_et_pb_old_content":"","_et_gb_content_width":"","footnotes":""},"categories":[2],"tags":[],"class_list":["post-3893","post","type-post","status-publish","format-standard","hentry","category-news"],"yoast_head":"<!-- This site is optimized with the Yoast SEO plugin v27.1.1 - https:\/\/yoast.com\/product\/yoast-seo-wordpress\/ -->\n<title>ENVIRONMENTAL AWARENESS DATES\u00a0 - CD Sonter Ltd.<\/title>\n<meta name=\"robots\" content=\"index, follow, max-snippet:-1, max-image-preview:large, max-video-preview:-1\" \/>\n<link rel=\"canonical\" href=\"https:\/\/www.cdsonter.com\/fr\/environmental-awareness-dates\/\" \/>\n<meta property=\"og:locale\" content=\"fr_CA\" \/>\n<meta property=\"og:type\" content=\"article\" \/>\n<meta property=\"og:title\" content=\"ENVIRONMENTAL AWARENESS DATES\u00a0 - CD Sonter Ltd.\" \/>\n<meta property=\"og:description\" content=\"Plan your events to coincide with celebrated environmental awareness dates, such as: Earth Hour &#8211; March The World Wildlife Fund\u2019s worldwide\u00a0Earth Hour\u00a0event raises awareness about climate change. It is an annual event held on the last Saturday of March, encouraging businesses to turn off non-essential lights for one hour.\u00a0 World Water Day &#8211; March World [&hellip;]\" \/>\n<meta property=\"og:url\" content=\"https:\/\/www.cdsonter.com\/fr\/environmental-awareness-dates\/\" \/>\n<meta property=\"og:site_name\" content=\"CD Sonter Ltd.\" \/>\n<meta property=\"article:published_time\" content=\"2024-01-23T15:23:30+00:00\" \/>\n<meta property=\"article:modified_time\" content=\"2024-01-23T15:23:32+00:00\" \/>\n<meta property=\"og:image\" content=\"https:\/\/www.cdsonter.com\/wp-content\/uploads\/2020\/08\/cdsonter_com_website.png\" \/>\n\t<meta property=\"og:image:width\" content=\"1562\" \/>\n\t<meta property=\"og:image:height\" content=\"760\" \/>\n\t<meta property=\"og:image:type\" content=\"image\/png\" \/>\n<meta name=\"author\" content=\"webtech\" \/>\n<meta name=\"twitter:card\" content=\"summary_large_image\" \/>\n<meta name=\"twitter:creator\" content=\"@CDSONTER\" \/>\n<meta name=\"twitter:site\" content=\"@CDSONTER\" \/>\n<meta name=\"twitter:label1\" content=\"\u00c9crit par\" \/>\n\t<meta name=\"twitter:data1\" content=\"webtech\" \/>\n\t<meta name=\"twitter:label2\" content=\"Estimation du temps de lecture\" \/>\n\t<meta name=\"twitter:data2\" content=\"2 minutes\" \/>\n<script type=\"application\/ld+json\" class=\"yoast-schema-graph\">{\"@context\":\"https:\/\/schema.org\",\"@graph\":[{\"@type\":\"Article\",\"@id\":\"https:\/\/www.cdsonter.com\/fr\/environmental-awareness-dates\/#article\",\"isPartOf\":{\"@id\":\"https:\/\/www.cdsonter.com\/fr\/environmental-awareness-dates\/\"},\"author\":{\"name\":\"webtech\",\"@id\":\"https:\/\/www.cdsonter.com\/#\/schema\/person\/b1e90856bfbf7e08a3496fcdf4e39f1b\"},\"headline\":\"ENVIRONMENTAL AWARENESS DATES\u00a0\",\"datePublished\":\"2024-01-23T15:23:30+00:00\",\"dateModified\":\"2024-01-23T15:23:32+00:00\",\"mainEntityOfPage\":{\"@id\":\"https:\/\/www.cdsonter.com\/fr\/environmental-awareness-dates\/\"},\"wordCount\":319,\"commentCount\":0,\"publisher\":{\"@id\":\"https:\/\/www.cdsonter.com\/#organization\"},\"articleSection\":[\"News\"],\"inLanguage\":\"fr-CA\",\"potentialAction\":[{\"@type\":\"CommentAction\",\"name\":\"Comment\",\"target\":[\"https:\/\/www.cdsonter.com\/fr\/environmental-awareness-dates\/#respond\"]}]},{\"@type\":\"WebPage\",\"@id\":\"https:\/\/www.cdsonter.com\/fr\/environmental-awareness-dates\/\",\"url\":\"https:\/\/www.cdsonter.com\/fr\/environmental-awareness-dates\/\",\"name\":\"ENVIRONMENTAL AWARENESS DATES\u00a0 - CD Sonter Ltd.\",\"isPartOf\":{\"@id\":\"https:\/\/www.cdsonter.com\/#website\"},\"datePublished\":\"2024-01-23T15:23:30+00:00\",\"dateModified\":\"2024-01-23T15:23:32+00:00\",\"breadcrumb\":{\"@id\":\"https:\/\/www.cdsonter.com\/fr\/environmental-awareness-dates\/#breadcrumb\"},\"inLanguage\":\"fr-CA\",\"potentialAction\":[{\"@type\":\"ReadAction\",\"target\":[\"https:\/\/www.cdsonter.com\/fr\/environmental-awareness-dates\/\"]}]},{\"@type\":\"BreadcrumbList\",\"@id\":\"https:\/\/www.cdsonter.com\/fr\/environmental-awareness-dates\/#breadcrumb\",\"itemListElement\":[{\"@type\":\"ListItem\",\"position\":1,\"name\":\"Home\",\"item\":\"https:\/\/www.cdsonter.com\/fr\/\"},{\"@type\":\"ListItem\",\"position\":2,\"name\":\"ENVIRONMENTAL AWARENESS DATES\u00a0\"}]},{\"@type\":\"WebSite\",\"@id\":\"https:\/\/www.cdsonter.com\/#website\",\"url\":\"https:\/\/www.cdsonter.com\/\",\"name\":\"CD Sonter Ltd.\",\"description\":\"Environmental Consultants\",\"publisher\":{\"@id\":\"https:\/\/www.cdsonter.com\/#organization\"},\"potentialAction\":[{\"@type\":\"SearchAction\",\"target\":{\"@type\":\"EntryPoint\",\"urlTemplate\":\"https:\/\/www.cdsonter.com\/?s={search_term_string}\"},\"query-input\":{\"@type\":\"PropertyValueSpecification\",\"valueRequired\":true,\"valueName\":\"search_term_string\"}}],\"inLanguage\":\"fr-CA\"},{\"@type\":\"Organization\",\"@id\":\"https:\/\/www.cdsonter.com\/#organization\",\"name\":\"CD Sonter\",\"url\":\"https:\/\/www.cdsonter.com\/\",\"logo\":{\"@type\":\"ImageObject\",\"inLanguage\":\"fr-CA\",\"@id\":\"https:\/\/www.cdsonter.com\/#\/schema\/logo\/image\/\",\"url\":\"https:\/\/www.cdsonter.com\/wp-content\/uploads\/2020\/02\/cd-sonter-logo-rev.svg\",\"contentUrl\":\"https:\/\/www.cdsonter.com\/wp-content\/uploads\/2020\/02\/cd-sonter-logo-rev.svg\",\"width\":1,\"height\":1,\"caption\":\"CD Sonter\"},\"image\":{\"@id\":\"https:\/\/www.cdsonter.com\/#\/schema\/logo\/image\/\"},\"sameAs\":[\"https:\/\/x.com\/CDSONTER\",\"https:\/\/www.linkedin.com\/company\/cd-sonter-ltd\"]},{\"@type\":\"Person\",\"@id\":\"https:\/\/www.cdsonter.com\/#\/schema\/person\/b1e90856bfbf7e08a3496fcdf4e39f1b\",\"name\":\"webtech\",\"image\":{\"@type\":\"ImageObject\",\"inLanguage\":\"fr-CA\",\"@id\":\"https:\/\/www.cdsonter.com\/#\/schema\/person\/image\/\",\"url\":\"https:\/\/secure.gravatar.com\/avatar\/e516260b6a6d3d5e7819d447dc017e9aee567944cff123091374f39d63b0601e?s=96&d=mm&r=g\",\"contentUrl\":\"https:\/\/secure.gravatar.com\/avatar\/e516260b6a6d3d5e7819d447dc017e9aee567944cff123091374f39d63b0601e?s=96&d=mm&r=g\",\"caption\":\"webtech\"},\"url\":\"https:\/\/www.cdsonter.com\/fr\/author\/webtech\/\"}]}<\/script>\n<!-- \/ Yoast SEO plugin. -->","yoast_head_json":{"title":"ENVIRONMENTAL AWARENESS DATES\u00a0 - CD Sonter Ltd.","robots":{"index":"index","follow":"follow","max-snippet":"max-snippet:-1","max-image-preview":"max-image-preview:large","max-video-preview":"max-video-preview:-1"},"canonical":"https:\/\/www.cdsonter.com\/fr\/environmental-awareness-dates\/","og_locale":"fr_CA","og_type":"article","og_title":"ENVIRONMENTAL AWARENESS DATES\u00a0 - CD Sonter Ltd.","og_description":"Plan your events to coincide with celebrated environmental awareness dates, such as: Earth Hour &#8211; March The World Wildlife Fund\u2019s worldwide\u00a0Earth Hour\u00a0event raises awareness about climate change. It is an annual event held on the last Saturday of March, encouraging businesses to turn off non-essential lights for one hour.\u00a0 World Water Day &#8211; March World [&hellip;]","og_url":"https:\/\/www.cdsonter.com\/fr\/environmental-awareness-dates\/","og_site_name":"CD Sonter Ltd.","article_published_time":"2024-01-23T15:23:30+00:00","article_modified_time":"2024-01-23T15:23:32+00:00","og_image":[{"width":1562,"height":760,"url":"https:\/\/www.cdsonter.com\/wp-content\/uploads\/2020\/08\/cdsonter_com_website.png","type":"image\/png"}],"author":"webtech","twitter_card":"summary_large_image","twitter_creator":"@CDSONTER","twitter_site":"@CDSONTER","twitter_misc":{"\u00c9crit par":"webtech","Estimation du temps de lecture":"2 minutes"},"schema":{"@context":"https:\/\/schema.org","@graph":[{"@type":"Article","@id":"https:\/\/www.cdsonter.com\/fr\/environmental-awareness-dates\/#article","isPartOf":{"@id":"https:\/\/www.cdsonter.com\/fr\/environmental-awareness-dates\/"},"author":{"name":"webtech","@id":"https:\/\/www.cdsonter.com\/#\/schema\/person\/b1e90856bfbf7e08a3496fcdf4e39f1b"},"headline":"ENVIRONMENTAL AWARENESS DATES\u00a0","datePublished":"2024-01-23T15:23:30+00:00","dateModified":"2024-01-23T15:23:32+00:00","mainEntityOfPage":{"@id":"https:\/\/www.cdsonter.com\/fr\/environmental-awareness-dates\/"},"wordCount":319,"commentCount":0,"publisher":{"@id":"https:\/\/www.cdsonter.com\/#organization"},"articleSection":["News"],"inLanguage":"fr-CA","potentialAction":[{"@type":"CommentAction","name":"Comment","target":["https:\/\/www.cdsonter.com\/fr\/environmental-awareness-dates\/#respond"]}]},{"@type":"WebPage","@id":"https:\/\/www.cdsonter.com\/fr\/environmental-awareness-dates\/","url":"https:\/\/www.cdsonter.com\/fr\/environmental-awareness-dates\/","name":"ENVIRONMENTAL AWARENESS DATES\u00a0 - CD Sonter Ltd.","isPartOf":{"@id":"https:\/\/www.cdsonter.com\/#website"},"datePublished":"2024-01-23T15:23:30+00:00","dateModified":"2024-01-23T15:23:32+00:00","breadcrumb":{"@id":"https:\/\/www.cdsonter.com\/fr\/environmental-awareness-dates\/#breadcrumb"},"inLanguage":"fr-CA","potentialAction":[{"@type":"ReadAction","target":["https:\/\/www.cdsonter.com\/fr\/environmental-awareness-dates\/"]}]},{"@type":"BreadcrumbList","@id":"https:\/\/www.cdsonter.com\/fr\/environmental-awareness-dates\/#breadcrumb","itemListElement":[{"@type":"ListItem","position":1,"name":"Home","item":"https:\/\/www.cdsonter.com\/fr\/"},{"@type":"ListItem","position":2,"name":"ENVIRONMENTAL AWARENESS DATES\u00a0"}]},{"@type":"WebSite","@id":"https:\/\/www.cdsonter.com\/#website","url":"https:\/\/www.cdsonter.com\/","name":"CD Sonter Ltd.","description":"Environmental Consultants","publisher":{"@id":"https:\/\/www.cdsonter.com\/#organization"},"potentialAction":[{"@type":"SearchAction","target":{"@type":"EntryPoint","urlTemplate":"https:\/\/www.cdsonter.com\/?s={search_term_string}"},"query-input":{"@type":"PropertyValueSpecification","valueRequired":true,"valueName":"search_term_string"}}],"inLanguage":"fr-CA"},{"@type":"Organization","@id":"https:\/\/www.cdsonter.com\/#organization","name":"CD Sonter","url":"https:\/\/www.cdsonter.com\/","logo":{"@type":"ImageObject","inLanguage":"fr-CA","@id":"https:\/\/www.cdsonter.com\/#\/schema\/logo\/image\/","url":"https:\/\/www.cdsonter.com\/wp-content\/uploads\/2020\/02\/cd-sonter-logo-rev.svg","contentUrl":"https:\/\/www.cdsonter.com\/wp-content\/uploads\/2020\/02\/cd-sonter-logo-rev.svg","width":1,"height":1,"caption":"CD Sonter"},"image":{"@id":"https:\/\/www.cdsonter.com\/#\/schema\/logo\/image\/"},"sameAs":["https:\/\/x.com\/CDSONTER","https:\/\/www.linkedin.com\/company\/cd-sonter-ltd"]},{"@type":"Person","@id":"https:\/\/www.cdsonter.com\/#\/schema\/person\/b1e90856bfbf7e08a3496fcdf4e39f1b","name":"webtech","image":{"@type":"ImageObject","inLanguage":"fr-CA","@id":"https:\/\/www.cdsonter.com\/#\/schema\/person\/image\/","url":"https:\/\/secure.gravatar.com\/avatar\/e516260b6a6d3d5e7819d447dc017e9aee567944cff123091374f39d63b0601e?s=96&d=mm&r=g","contentUrl":"https:\/\/secure.gravatar.com\/avatar\/e516260b6a6d3d5e7819d447dc017e9aee567944cff123091374f39d63b0601e?s=96&d=mm&r=g","caption":"webtech"},"url":"https:\/\/www.cdsonter.com\/fr\/author\/webtech\/"}]}},"_links":{"self":[{"href":"https:\/\/www.cdsonter.com\/fr\/wp-json\/wp\/v2\/posts\/3893","targetHints":{"allow":["GET"]}}],"collection":[{"href":"https:\/\/www.cdsonter.com\/fr\/wp-json\/wp\/v2\/posts"}],"about":[{"href":"https:\/\/www.cdsonter.com\/fr\/wp-json\/wp\/v2\/types\/post"}],"author":[{"embeddable":true,"href":"https:\/\/www.cdsonter.com\/fr\/wp-json\/wp\/v2\/users\/1"}],"replies":[{"embeddable":true,"href":"https:\/\/www.cdsonter.com\/fr\/wp-json\/wp\/v2\/comments?post=3893"}],"version-history":[{"count":1,"href":"https:\/\/www.cdsonter.com\/fr\/wp-json\/wp\/v2\/posts\/3893\/revisions"}],"predecessor-version":[{"id":3894,"href":"https:\/\/www.cdsonter.com\/fr\/wp-json\/wp\/v2\/posts\/3893\/revisions\/3894"}],"wp:attachment":[{"href":"https:\/\/www.cdsonter.com\/fr\/wp-json\/wp\/v2\/media?parent=3893"}],"wp:term":[{"taxonomy":"category","embeddable":true,"href":"https:\/\/www.cdsonter.com\/fr\/wp-json\/wp\/v2\/categories?post=3893"},{"taxonomy":"post_tag","embeddable":true,"href":"https:\/\/www.cdsonter.com\/fr\/wp-json\/wp\/v2\/tags?post=3893"}],"curies":[{"name":"wp","href":"https:\/\/api.w.org\/{rel}","templated":true}]}}